{"id":234,"date":"2016-05-30T15:39:14","date_gmt":"2016-05-30T15:39:14","guid":{"rendered":"http:\/\/serwer1604704.home.pl\/autoinstalator\/wordpress\/?p=234"},"modified":"2017-01-19T19:21:15","modified_gmt":"2017-01-19T19:21:15","slug":"zatrudnimy-pracownika-socjalnego","status":"publish","type":"post","link":"https:\/\/cps.wegrow.pl\/?p=234","title":{"rendered":"Zatrudnimy pracownika socjalnego"},"content":{"rendered":"<p><strong>Og\u0142oszenie o naborze<\/strong><\/p>\n<p><b style=\"transition: transform 1s ease 0s;\">Centrum Pomocy Spo\u0142ecznej w W\u0119growie zatrudni pracownika socjalnego. Szczeg\u00f3\u0142y oferty znajduj\u0105 si\u0119 w pliku PDF.<\/b><\/p>\n<p>Dariusz Koterba<\/p>\n<h1>Za\u0142\u0105czniki<\/h1>\n<p><a href=\"http:\/\/serwer1604704.home.pl\/autoinstalator\/wordpress\/wp-content\/uploads\/2016\/05\/Pracownik_socjalny_2016.06.03.pdf\">Pracownik_socjalny_2016.06.03<\/a><\/p>\n","protected":false},"excerpt":{"rendered":"<p>Og\u0142oszenie o naborze Centrum Pomocy Spo\u0142ecznej w W\u0119growie zatrudni pracownika socjalnego. Szczeg\u00f3\u0142y oferty znajduj\u0105 si\u0119 w pliku PDF. Dariusz Koterba Za\u0142\u0105czniki Pracownik_socjalny_2016.06.03<\/p>\n","protected":false},"author":1,"featured_media":0,"comment_status":"closed","ping_status":"closed","sticky":false,"template":"","format":"standard","meta":{"footnotes":""},"categories":[1],"tags":[],"class_list":["post-234","post","type-post","status-publish","format-standard","hentry","category-uncategorized"],"_links":{"self":[{"href":"https:\/\/cps.wegrow.pl\/index.php?rest_route=\/wp\/v2\/posts\/234","targetHints":{"allow":["GET"]}}],"collection":[{"href":"https:\/\/cps.wegrow.pl\/index.php?rest_route=\/wp\/v2\/posts"}],"about":[{"href":"https:\/\/cps.wegrow.pl\/index.php?rest_route=\/wp\/v2\/types\/post"}],"author":[{"embeddable":true,"href":"https:\/\/cps.wegrow.pl\/index.php?rest_route=\/wp\/v2\/users\/1"}],"replies":[{"embeddable":true,"href":"https:\/\/cps.wegrow.pl\/index.php?rest_route=%2Fwp%2Fv2%2Fcomments&post=234"}],"version-history":[{"count":4,"href":"https:\/\/cps.wegrow.pl\/index.php?rest_route=\/wp\/v2\/posts\/234\/revisions"}],"predecessor-version":[{"id":270,"href":"https:\/\/cps.wegrow.pl\/index.php?rest_route=\/wp\/v2\/posts\/234\/revisions\/270"}],"wp:attachment":[{"href":"https:\/\/cps.wegrow.pl\/index.php?rest_route=%2Fwp%2Fv2%2Fmedia&parent=234"}],"wp:term":[{"taxonomy":"category","embeddable":true,"href":"https:\/\/cps.wegrow.pl\/index.php?rest_route=%2Fwp%2Fv2%2Fcategories&post=234"},{"taxonomy":"post_tag","embeddable":true,"href":"https:\/\/cps.wegrow.pl\/index.php?rest_route=%2Fwp%2Fv2%2Ftags&post=234"}],"curies":[{"name":"wp","href":"https:\/\/api.w.org\/{rel}","templated":true}]}}