{"id":829,"date":"2019-11-18T14:37:10","date_gmt":"2019-11-18T14:37:10","guid":{"rendered":"http:\/\/cps.wegrow.pl\/?p=829"},"modified":"2019-11-18T14:37:10","modified_gmt":"2019-11-18T14:37:10","slug":"nabor-na-stanowisko-kierownika-domu-dziennego-senior","status":"publish","type":"post","link":"https:\/\/cps.wegrow.pl\/?p=829","title":{"rendered":"Nab\u00f3r na stanowisko kierownika Domu Dziennego Senior+"},"content":{"rendered":"<p>Kierownik Centrum Pomocy Spo\u0142ecznej w W\u0119growie og\u0142asza nab\u00f3r na stanowisko kierownika Domu Dziennego Senior+ w W\u0119growie.<a href=\"https:\/\/cps.wegrow.pl\/?attachment_id=830\" rel=\"attachment wp-att-830\">\u00a0 <\/a><\/p>\n<p><a href=\"https:\/\/cps.wegrow.pl\/?attachment_id=830\" rel=\"attachment wp-att-830\">Nab\u00f3r_kierownik_dd_senior_plus_W\u0119gr\u00f3w<\/a><\/p>\n","protected":false},"excerpt":{"rendered":"<p>Kierownik Centrum Pomocy Spo\u0142ecznej w W\u0119growie og\u0142asza nab\u00f3r na stanowisko kierownika Domu Dziennego Senior+ w W\u0119growie.\u00a0 Nab\u00f3r_kierownik_dd_senior_plus_W\u0119gr\u00f3w<\/p>\n","protected":false},"author":3,"featured_media":0,"comment_status":"closed","ping_status":"closed","sticky":false,"template":"","format":"standard","meta":{"footnotes":""},"categories":[1],"tags":[],"class_list":["post-829","post","type-post","status-publish","format-standard","hentry","category-uncategorized"],"_links":{"self":[{"href":"https:\/\/cps.wegrow.pl\/index.php?rest_route=\/wp\/v2\/posts\/829","targetHints":{"allow":["GET"]}}],"collection":[{"href":"https:\/\/cps.wegrow.pl\/index.php?rest_route=\/wp\/v2\/posts"}],"about":[{"href":"https:\/\/cps.wegrow.pl\/index.php?rest_route=\/wp\/v2\/types\/post"}],"author":[{"embeddable":true,"href":"https:\/\/cps.wegrow.pl\/index.php?rest_route=\/wp\/v2\/users\/3"}],"replies":[{"embeddable":true,"href":"https:\/\/cps.wegrow.pl\/index.php?rest_route=%2Fwp%2Fv2%2Fcomments&post=829"}],"version-history":[{"count":1,"href":"https:\/\/cps.wegrow.pl\/index.php?rest_route=\/wp\/v2\/posts\/829\/revisions"}],"predecessor-version":[{"id":831,"href":"https:\/\/cps.wegrow.pl\/index.php?rest_route=\/wp\/v2\/posts\/829\/revisions\/831"}],"wp:attachment":[{"href":"https:\/\/cps.wegrow.pl\/index.php?rest_route=%2Fwp%2Fv2%2Fmedia&parent=829"}],"wp:term":[{"taxonomy":"category","embeddable":true,"href":"https:\/\/cps.wegrow.pl\/index.php?rest_route=%2Fwp%2Fv2%2Fcategories&post=829"},{"taxonomy":"post_tag","embeddable":true,"href":"https:\/\/cps.wegrow.pl\/index.php?rest_route=%2Fwp%2Fv2%2Ftags&post=829"}],"curies":[{"name":"wp","href":"https:\/\/api.w.org\/{rel}","templated":true}]}}